{"id":185,"date":"2020-03-02T14:53:12","date_gmt":"2020-03-02T13:53:12","guid":{"rendered":"http:\/\/la-maison-rochefort.fr\/?p=185"},"modified":"2020-11-12T10:59:41","modified_gmt":"2020-11-12T09:59:41","slug":"8-claude-i-de-rochefort","status":"publish","type":"post","link":"https:\/\/la-maison-rochefort.fr\/index.php\/2020\/03\/02\/8-claude-i-de-rochefort\/","title":{"rendered":"8- Claude I de Rochefort"},"content":{"rendered":"\n<p>Claude de Rochefort, chevalier, premier du nom, n\u2019a pas laiss\u00e9 un souvenir imp\u00e9rissable dans la m\u00e9moire de l\u2019histoire de France. Aussi le lecteur ne trouvera pas de faits militaires d\u2019envergure, ni de faits civils de m\u00eame. Il vivra sous les r\u00e8gnes de Fran\u00e7ois Ier et Henri II.<\/p>\n\n\n\n<p>Pourtant, Claude fera un tr\u00e8s beau mariage puisqu\u2019il s\u2019alliera le 7\/01\/ 1545 avec Catherine de La Magdelaine (1527\/apres 1599), d\u00e9j\u00e0 veuve de Fran\u00e7ois de Ferri\u00e8res seigneur de Presles et de Beauvoir en Auxois (Beauvoir et non Beauvais, comme il est \u00e9crit dans la g\u00e9n\u00e9alogie du P\u00e8re Anselme et celle de La Thaumassi\u00e8re) et issue d\u2019une grande famille de Bourgogne.&nbsp;<\/p>\n\n\n\n<p>Certains auteurs lui donnent comme premi\u00e8re \u00e9pouse, Claude de Saint-Julien de la maison de Balleure, mais nous n\u2019avons pas trouv\u00e9 la justification de ce mariage.<\/p>\n\n\n\n<p>On trouvera plus loin une notice sur la famille de La Magdelaine.<\/p>\n\n\n\n<div class=\"wp-block-image\"><figure class=\"aligncenter size-medium\"><img loading=\"lazy\" width=\"300\" height=\"98\" src=\"http:\/\/la-maison-rochefort.fr\/wp-content\/uploads\/2020\/11\/claude-de-r-1-et-fiefs-300x98.png\" alt=\"\" class=\"wp-image-684\" srcset=\"https:\/\/la-maison-rochefort.fr\/wp-content\/uploads\/2020\/11\/claude-de-r-1-et-fiefs-300x98.png 300w, https:\/\/la-maison-rochefort.fr\/wp-content\/uploads\/2020\/11\/claude-de-r-1-et-fiefs.png 589w\" sizes=\"(max-width: 300px) 100vw, 300px\" \/><figcaption>Fiefs appartenant \u00e0 Claude I de Rochefort (Peinc\u00e9d\u00e9).<\/figcaption><\/figure><\/div>\n\n\n\n<p>Par suite du d\u00e9ces de son fr\u00e8re a\u00een\u00e9 Jean, Claude va rassembler la plupart des seigneuries de son p\u00e8re, sous son nom. Nous le voyons ainsi seigneur de Pluvault dans le terrier de Billey (Archives de la C\u00f4te d&rsquo;Or -E 1558), Longeau, Coulonges, Billey, Pluvet, Labergement les Auxonne, Villers les Pots, Villers-Rotin, Flagey&nbsp;, Heuilley, Drambon, Lanthes, Baron de Gargilesse, seigneur de Chavin en Berry, etc.\u2026\u2026 Dans cet acte est inscrit que Jacques de Rochefort, son anc\u00eatre, fut Ma\u00eetre de l\u2019Artillerie de Bourgogne, ce qui est une erreur car c\u2019est Jean, fr\u00e8re de Jacques qui porta ce titre. De m\u00eame, il lui est attribu\u00e9 comme anc\u00eatre Louis de Rochefort, Grand Ecuyer de Bourgogne, ce qui est aussi une erreur car ce Louis est probablement issu des Rochefort de Bourgogne, ceux ci n\u2019ont aucun lien de sang ou autre avec nos Rochefort . On a, dans ce cas de figure, l\u2019illustration partielle des erreurs des scibes de l\u2019\u00e9poque peut-\u00eatre provoqu\u00e9es par l\u2019int\u00earess\u00e9 lui-m\u00eame&nbsp;.<\/p>\n\n\n\n<p>Le 15 novembre 1548, Claude fera une reprise du fief de Pluvault (\u00e9crit Pluvot) \u00e0 l\u2019occasion de l\u2019av\u00e8nement de Henri II \u00e0 la couronne de France (Archives de la C\u00f4te d&rsquo;Or \u2013 B 10687).<\/p>\n\n\n\n<p>Le 13 mai 1548, Claude fera une autre reprise de fiefs concernant Fontaine-les-Dijon et Vernot (par son procureur sp\u00e9cial, Robert de Laval, \u00e9cuyer, seigneur de Biern\u00e9 (d\u00e9p. 53) et du Bassin (?), qu\u2019ils avaient acquis de Nicolas Jachiet, notaire \u00e0 Dijon et qui les avaient acquis de Philiberte de Moisy, dame de Saffres. (Archives de la C\u00f4te d&rsquo;Or \u2013 B 10625).<\/p>\n\n\n\n<p>Le 28 janvier 1548, Claude fera une autre reprise de fiefs de la seigneurie de Vassy (aujourd\u2019hui Vassy-sous-Pisy-21) et dans laquelle il est aussi seigneur de Flagey, Billey, Villers Rotain et Lantes (Lanthes) (Archives de la C\u00f4te d&rsquo;Or \u2013 B 10628).<\/p>\n\n\n\n<p>Par lettres patentes du 7 Janvier 1554, il est nomm\u00e9 Panetier Ordinaire du roi.<\/p>\n\n\n\n<p>Claude de Rochefort sera tu\u00e9 lors de la bataille de Saint-Quentin entre le 10 et 27 ao\u00fbt 1557&nbsp;<em>(\u00ab&nbsp;Impot du sang&nbsp;\u00bb par d\u2019Hozier).<\/em>&nbsp;Il \u00e9tait guidon puis ensuite enseigne dans la compagnie de gens d\u2019armes d\u2019Imbert de la Plati\u00e8re dit \u00ab&nbsp;le Mar\u00e9chal de Bourdillon&nbsp;\u00bb, Mar\u00e9chal de France (Archives de la C\u00f4te d&rsquo;Or -C 3565). Cette compagnie recevait exclusivement des seigneurs d\u2019origine nivernaise. Les nominations sont toutes dues au m\u00e9rite et non \u00e0 la naissance.<\/p>\n\n\n\n<p>Le couple Claude I de Rochefort et Catherine de La Magdelaine aura 3 enfants&nbsp;connus&nbsp;:<\/p>\n\n\n\n<ul><li><strong>Claude 2<sup>\u00e8me<\/sup>&nbsp;du nom<\/strong>, qui suit. Il sera le g\u00e9niteur de la branche des seigneurs de Lu\u00e7ay (le M\u00e2le) en Berry. C\u2019est de cette branche que nous descendons.<\/li><li><strong>Joachim<\/strong>&nbsp;qui suivra. Branche des seigneurs de Pluvault<\/li><li><strong>Imbert&nbsp;<\/strong>qui suivra. Branche des seigneurs de Gargilesse.<\/li><\/ul>\n\n\n\n<p style=\"background-color:#63d9ee;font-size:25px\" class=\"has-background\">Maison de la Magdelaine<\/p>\n\n\n\n<p>Cette maison, dont l\u2019origine est le Charolais, est alli\u00e9e aux Rochefort par Catherine de la Magdelaine, dame de Beauvoir en Auxois (commune de Sauvigny-le-Bor\u00e9al (89)) \u00e9pouse en premi\u00e8res noces, de N. de La Ferrieres qui d\u00e9c\u00e8dera au si\u00e8ge de Landrecies (59) en 1543,&nbsp;&nbsp;puis s&rsquo;unit en deuxi\u00e8me noces avec Claude I de Rochefort le 7 janvier 1546. Elle contractera un troisi\u00e8me mariage, en 1557, avec Louis Costa, chevalier, comte de Beyne (ou B\u00e8ne) en Pi\u00e8mont, puis comte de Pont de Veyle (01) et de Chatillon en Bresse (01) par \u00e9change de son comt\u00e9 de Beyne avec le duc de Savoie. Ce Costa avait \u00e9pous\u00e9 en premi\u00e8res noces Aur\u00e9lie Spinola. Costa faisait partie des Italiens qui avaient combatu dans les rangs fran\u00e7ais pendant les guerres italiennes de nos rois de France. Il disposait en France d\u2019une compagnie de gens d\u2019armes (1565\/1576) dans laquelle nous trouvons Joachim de Rochefort, fr\u00e8re ain\u00e9 de Claude, comme lieutenant.<\/p>\n\n\n\n<p>Nous devons signaler que de nombreux g\u00e9n\u00e9alogistes ou \u00e9rudits locaux ont fait l\u2019erreur de confondre Beauvoir avec Beauvais-en- Auxois, lieu qui n\u2019existe pas en tant que seigneurie en Bourgogne. Cette seigneurie de Beauvoir \u00e9tait dans le domaine de la famille de Damas, elle avait \u00e9t\u00e9 apport\u00e9e \u00e0 Girard de la Magdelaine par Claude de Damas son \u00e9pouse&nbsp;; comme nous le montre aussi les titres de Imbert de Rochefort, d\u00e9sign\u00e9 dans les actes comme seigneur de Beauvoir (et non Beauvais).<\/p>\n\n\n\n<p>Cette famille est d\u00e9j\u00e0 illustre par le p\u00e8re de Catherine, Girard de la Magdelaine, seigneur de Corcelles (69) de Chateauneuf (71). et de Ragny (89), mari\u00e9 \u00e0 Claude de Damas (Ragny f\u00fbt la propri\u00e9t\u00e9 de Huguette de Ragny, m\u00e8re de Claude). Girard sera tu\u00e9 \u00e0 la bataille de Landrecies en 1543, laissant 3 enfants dont Catherine et Fran\u00e7ois. C\u2019est ce dernier, marquis de Ragny, qui par une loyaut\u00e9 sans faille \u00e0 la religion catholique et aux rois de France va constituer la fortune et la renomm\u00e9e de la famille. Henri IV le baptisera \u2018<em>mon fid\u00e8le Ragny<\/em>\u2019 et en fera un marquis de Ragny. Claude de Damas veuve avec de jeunes enfants se remariera avec Imbert de la Plati\u00e8re, mar\u00e9chal de France sous le nom de Bourdillon.<\/p>\n\n\n\n<div class=\"wp-block-image\"><figure class=\"aligncenter size-large\"><img loading=\"lazy\" width=\"432\" height=\"315\" src=\"http:\/\/la-maison-rochefort.fr\/wp-content\/uploads\/2020\/09\/portrait-G.-de-la-magdelaine-e1599361757398.png\" alt=\"\" class=\"wp-image-524\"\/><figcaption>Portrait de Girard de la Magdeleine<\/figcaption><\/figure><\/div>\n\n\n\n<p>Peinc\u00e9d\u00e9 nous montre dans un acte, la transmission de Sigy-le-Chatel (71) de la fa\u00e7on suivante&nbsp;: \u00ab&nbsp;<em>La dame Comtesse de Beyne (<strong>Catherine<\/strong>&nbsp;<strong>de la Magdelaine, par son troisi\u00e8me mariage<\/strong>) pour la seigneurie de Sigy-le-Chatel comme ayant droit de Jean et Fran\u00e7ois de la Magdelaine au lieu du feu seigneur de Bourdillon&nbsp;et pour la seigneurie de Lantes comme ayant droit les h\u00e9ritiers de Claude de Rochefort, seigneur de Rochefort (<strong>ce qu\u2019il n\u2019a jamais<\/strong>&nbsp;<strong>\u00e9t\u00e9<\/strong>).&nbsp;<\/em>Cette seigneurie sera transmise en direct par Catherine \u00e0 son fils Claude de Rochefort. De m\u00eame, la seigneurie de Beauvoir ira en direct \u00e0 Imbert de Rochefort, petit-fils de Catherine de la Magdelaine.<\/p>\n\n\n\n<div class=\"wp-block-image\"><figure class=\"aligncenter size-large\"><img loading=\"lazy\" width=\"382\" height=\"272\" src=\"http:\/\/la-maison-rochefort.fr\/wp-content\/uploads\/2020\/02\/sigy-le-chatel-recentW.jpg\" alt=\"\" class=\"wp-image-150\" srcset=\"https:\/\/la-maison-rochefort.fr\/wp-content\/uploads\/2020\/02\/sigy-le-chatel-recentW.jpg 382w, https:\/\/la-maison-rochefort.fr\/wp-content\/uploads\/2020\/02\/sigy-le-chatel-recentW-300x214.jpg 300w\" sizes=\"(max-width: 382px) 100vw, 382px\" \/><figcaption>Ch\u00e2teau de Sigy le Chatel (71) (\u00e9tat actuel).<\/figcaption><\/figure><\/div>\n\n\n\n<p>Cette seigneurie de Beauvoir en Auxois (et non&nbsp;<strong>Beauvais en Auxois<\/strong>&nbsp;comme souvent \u00e9crit) a appartenue aux familles de Beauvoir, de Chastellux, de Damas, de Ferri\u00e8res et de la Magdelaine.<\/p>\n\n\n\n<p><strong>Armes&nbsp;:&nbsp;<\/strong><em>Ecartel\u00e9, au 1 d\u2019hermine, \u00e0 3 bandes de gueule, celle du milieu charg\u00e9e de 5 coquilles d\u2019or et les 2 autres de 3.<\/em><\/p>\n\n\n\n<div class=\"wp-block-image\"><figure class=\"aligncenter size-large\"><img loading=\"lazy\" width=\"151\" height=\"160\" src=\"http:\/\/la-maison-rochefort.fr\/wp-content\/uploads\/2020\/02\/blason-magdelaineW-e1583157502466.jpg\" alt=\"\" class=\"wp-image-42\"\/><figcaption>Armes de la maison de la Magdelaine<\/figcaption><\/figure><\/div>\n\n\n\n<p><\/p>\n","protected":false},"excerpt":{"rendered":"<p>Claude de Rochefort, chevalier, premier du nom, n\u2019a pas laiss\u00e9 un souvenir imp\u00e9rissable dans la m\u00e9moire de l\u2019histoire de France. Aussi le lecteur ne trouvera pas de faits militaires d\u2019envergure, ni de faits civils de m\u00eame. Il vivra sous les &hellip; <a href=\"https:\/\/la-maison-rochefort.fr\/index.php\/2020\/03\/02\/8-claude-i-de-rochefort\/\">Continuer la lecture <span class=\"meta-nav\">&rarr;<\/span><\/a><\/p>\n","protected":false},"author":1,"featured_media":0,"comment_status":"open","ping_status":"open","sticky":false,"template":"","format":"standard","meta":[],"categories":[9],"tags":[],"_links":{"self":[{"href":"https:\/\/la-maison-rochefort.fr\/index.php\/wp-json\/wp\/v2\/posts\/185"}],"collection":[{"href":"https:\/\/la-maison-rochefort.fr\/index.php\/wp-json\/wp\/v2\/posts"}],"about":[{"href":"https:\/\/la-maison-rochefort.fr\/index.php\/wp-json\/wp\/v2\/types\/post"}],"author":[{"embeddable":true,"href":"https:\/\/la-maison-rochefort.fr\/index.php\/wp-json\/wp\/v2\/users\/1"}],"replies":[{"embeddable":true,"href":"https:\/\/la-maison-rochefort.fr\/index.php\/wp-json\/wp\/v2\/comments?post=185"}],"version-history":[{"count":10,"href":"https:\/\/la-maison-rochefort.fr\/index.php\/wp-json\/wp\/v2\/posts\/185\/revisions"}],"predecessor-version":[{"id":691,"href":"https:\/\/la-maison-rochefort.fr\/index.php\/wp-json\/wp\/v2\/posts\/185\/revisions\/691"}],"wp:attachment":[{"href":"https:\/\/la-maison-rochefort.fr\/index.php\/wp-json\/wp\/v2\/media?parent=185"}],"wp:term":[{"taxonomy":"category","embeddable":true,"href":"https:\/\/la-maison-rochefort.fr\/index.php\/wp-json\/wp\/v2\/categories?post=185"},{"taxonomy":"post_tag","embeddable":true,"href":"https:\/\/la-maison-rochefort.fr\/index.php\/wp-json\/wp\/v2\/tags?post=185"}],"curies":[{"name":"wp","href":"https:\/\/api.w.org\/{rel}","templated":true}]}}