{"id":170,"date":"2020-02-27T18:19:23","date_gmt":"2020-02-27T17:19:23","guid":{"rendered":"http:\/\/la-maison-rochefort.fr\/?p=170"},"modified":"2021-07-16T12:50:21","modified_gmt":"2021-07-16T10:50:21","slug":"5-jean-de-rochefort","status":"publish","type":"post","link":"https:\/\/la-maison-rochefort.fr\/index.php\/2020\/02\/27\/5-jean-de-rochefort\/","title":{"rendered":"5- Jean de Rochefort"},"content":{"rendered":"\n<p>Jean est le fr\u00e8re de Jacques. Nous ne connaissons pas la date de naissance de Jean, ni s\u2019il e\u00fbt une \u00e9pouse. Nous pensons qu\u2019il resta c\u00e9libataire. Un inventaire de l\u2019artillerie de Bourgogne dat\u00e9 de 1442 nous montre que Jacques de Rochefort est le \u00ab&nbsp;<em>fr\u00e8re et unique h\u00e9ritier&nbsp;<\/em>\u00bb de Jean de Rochefort.<\/p>\n\n\n\n<p>Le 31 d\u00e9cembre 1391, il pr\u00eate serment entre les mains de Philippe le Hardi, duc de Bourgogne, en qualit\u00e9 de Bailli d\u2019Auxois<sup><a href=\"#footnote_0_170\" id=\"identifier_0_170\" class=\"footnote-link footnote-identifier-link\" title=\"Archives de la C&ocirc;te-d&rsquo;Or B 10543 &ndash; vidimus de 1396 des lettres du duc de Bourgogne\">1<\/a><\/sup> . Il succ\u00e8de \u00e0 Jean Moingin, aux gages de 140 livres annuelles<sup><a href=\"#footnote_1_170\" id=\"identifier_1_170\" class=\"footnote-link footnote-identifier-link\" title=\"Compte de Pierre Gastelier en 1405\">2<\/a><\/sup>. Il r\u00e8gle un diff\u00e9rent avec le titre de \u00ab&nbsp;surarbitre&nbsp;\u00bb entre Eude de Grancey, Jean de Noyers, Guy de Choiseul et Jean de Saint Verin, le 16 octobre 1396. Les autres arbitres sont les baillis de Tonnerre et de Noyers.&nbsp;<\/p>\n\n\n\n<p>Le 19\/02\/1405, le duc de Bourgogne, pour d\u00e9dommager Jean, de la perte de la recette du scel et clergie de son baillage, porte ses gages de bailli d\u2019AUXOIS de 140 livres tournois \u00e0 200 livres<sup><a href=\"#footnote_2_170\" id=\"identifier_2_170\" class=\"footnote-link footnote-identifier-link\" title=\"BNF, coll. Bourgogne, tome LVIII, page 186\">3<\/a><\/sup>.&nbsp;<\/p>\n\n\n\n<p>En octobre 1400 le Duc de Bourgogne, Philippe le Hardi, tient un Parlement de Bourgogne \u00e0 Beaune. Celui-ci est compos\u00e9 de Jean de Rochefort, bailli d\u2019Auxois, Mat\u00e9 de Vezon, gouverneur de la chancellerie, Jean de Clugny, Henri de Toisy, etc\u2026.((Archives de la C\u00f4te-d&rsquo;Or &#8211; Compte de Guillaume de Chemilly)). Ce parlement, \u00e0 cette date, est compos\u00e9 de 2 \u00e9cl\u00e9siastiques, 5 nobles, 3 notables venant de Langres, de M\u00e2con et de Chalon.<\/p>\n\n\n\n<p>Nous savons que Jean fut \u00e9cuyer d\u2019\u00e9curie et Ma\u00eetre de L\u2019Artillerie de Philippe le Hardi puis de Jean-sans-Peur, duc et comte de Bourgogne, par une quittance de 1436 de ses gages. Il conduit 20 hommes d\u2019armes au si\u00e8ge de Calais avec des bombardes, le sceau de cette quittance correspond aux armoiries des Rochefort<sup><a href=\"#footnote_3_170\" id=\"identifier_3_170\" class=\"footnote-link footnote-identifier-link\" title=\"Archives de la C&ocirc;te-d&rsquo;Or B 11862\">4<\/a><\/sup>. La m\u00eame ann\u00e9e, il \u00e9tait \u00e0 Gand avec Jean comte de Fribourg et de Neuchatel, capitaine g\u00e9n\u00e9ral de Bourgogne.<\/p>\n\n\n\n<div class=\"wp-block-image\"><figure class=\"aligncenter size-large\"><img loading=\"lazy\" width=\"386\" height=\"116\" src=\"http:\/\/la-maison-rochefort.fr\/wp-content\/uploads\/2020\/09\/1435-jean-de-r-e1599328079899.png\" alt=\"\" class=\"wp-image-511\"\/><figcaption>(Peinc\u00e9d\u00e9)<\/figcaption><\/figure><\/div>\n\n\n\n<p>Le 20 janvier 1435, Jean est envoy\u00e9 \u00e0 Montigny et Nogent-le-Roi, accompagn\u00e9 de Guillaume de Saux, chambellan du duc, pour rencontrer les Anglais qui occupaient ces places fortes et \u00e9taient assi\u00e9g\u00e9s par le seigneur de la Suze (Ren\u00e9 de Montmorency-Laval ou Jean de Craon). Les Anglais pr\u00e9f\u00e9raient&nbsp;&nbsp;le duc de Bourgogne au roi de France, toujours dans l\u2019espoir d\u2019affaiblir la France par quelque moyen que ce soit<sup><a href=\"#footnote_4_170\" id=\"identifier_4_170\" class=\"footnote-link footnote-identifier-link\" title=\"Compte de Mathieu Regnault- Archives de la C&ocirc;te-d&rsquo;Or\">5<\/a><\/sup>. Mais dans le cas qui nous occupe, ce voyage devait mettre fin aux agissements d\u2019Alexandre, b\u00e2tard de Bourbon, qui s\u2019occupait de \u00ab&nbsp;fourrager&nbsp;\u00bb le pays plut\u00f4t que d\u2019emporter la place de Montigny. Ce dernier meurt noy\u00e9 en 1440.<\/p>\n\n\n\n<p>Jean de Rochefort, \u00e9cuyer, sera Ma\u00eetre de l\u2019Artillerie de 1431 \u00e0 1442<sup><a href=\"#footnote_5_170\" id=\"identifier_5_170\" class=\"footnote-link footnote-identifier-link\" title=\"Archives de la C&ocirc;te-d&rsquo;Or -B 1677 et 1680\">6<\/a><\/sup>. Il succ\u00e9dait \u00e0 Germain de Givry<sup><a href=\"#footnote_6_170\" id=\"identifier_6_170\" class=\"footnote-link footnote-identifier-link\" title=\"Voir &laquo;&nbsp;Artillerie des ducs de&nbsp;Bourgogne&nbsp;&raquo; par J. Garnier-BNF Gallica et compte de Jean de Visen, Receveur Gal. de Bourgogne\">7<\/a><\/sup>.<\/p>\n\n\n\n<p>Jean d\u00e9c\u00e8de le 5\/07\/1442, sans alliance et descendance connues \u00e0 ce jour. Aussit\u00f4t apr\u00e8s son d\u00e9c\u00e8s un inventaire des pi\u00e8ces d\u2019artillerie est entrepris. Il est remplac\u00e9 par Philibert de Vaudrey, conseiller et chambellan du duc, comme Ma\u00eetre de l\u2019artillerie, suivant les lettres patentes dat\u00e9es du 25 octobre 1447 \u00e0 Dijon. Il semblerait que pendant 4 ou 5 ans, il n\u2019y ait pas eu de responsable de l\u2019artillerie en Bourgogne.<\/p>\n<ol class=\"footnotes\"><li id=\"footnote_0_170\" class=\"footnote\">Archives de la C\u00f4te-d&rsquo;Or B 10543 &#8211; vidimus de 1396 des lettres du duc de Bourgogne<span class=\"footnote-back-link-wrapper\"> [<a href=\"#identifier_0_170\" class=\"footnote-link footnote-back-link\">&#8617;<\/a>]<\/span><\/li><li id=\"footnote_1_170\" class=\"footnote\">Compte de Pierre Gastelier en 1405<span class=\"footnote-back-link-wrapper\"> [<a href=\"#identifier_1_170\" class=\"footnote-link footnote-back-link\">&#8617;<\/a>]<\/span><\/li><li id=\"footnote_2_170\" class=\"footnote\">BNF, coll. Bourgogne, tome LVIII, page 186<span class=\"footnote-back-link-wrapper\"> [<a href=\"#identifier_2_170\" class=\"footnote-link footnote-back-link\">&#8617;<\/a>]<\/span><\/li><li id=\"footnote_3_170\" class=\"footnote\">Archives de la C\u00f4te-d&rsquo;Or B 11862<span class=\"footnote-back-link-wrapper\"> [<a href=\"#identifier_3_170\" class=\"footnote-link footnote-back-link\">&#8617;<\/a>]<\/span><\/li><li id=\"footnote_4_170\" class=\"footnote\">Compte de Mathieu Regnault- Archives de la C\u00f4te-d&rsquo;Or<span class=\"footnote-back-link-wrapper\"> [<a href=\"#identifier_4_170\" class=\"footnote-link footnote-back-link\">&#8617;<\/a>]<\/span><\/li><li id=\"footnote_5_170\" class=\"footnote\">Archives de la C\u00f4te-d&rsquo;Or -B 1677 et 1680<span class=\"footnote-back-link-wrapper\"> [<a href=\"#identifier_5_170\" class=\"footnote-link footnote-back-link\">&#8617;<\/a>]<\/span><\/li><li id=\"footnote_6_170\" class=\"footnote\">Voir \u00ab&nbsp;<em>Artillerie des ducs de<\/em>&nbsp;<em>Bourgogne&nbsp;<\/em>\u00bb par J. Garnier-BNF Gallica et compte de Jean de Visen, Receveur Gal. de Bourgogne<span class=\"footnote-back-link-wrapper\"> [<a href=\"#identifier_6_170\" class=\"footnote-link footnote-back-link\">&#8617;<\/a>]<\/span><\/li><\/ol>","protected":false},"excerpt":{"rendered":"<p>Jean est le fr\u00e8re de Jacques. Nous ne connaissons pas la date de naissance de Jean, ni s\u2019il e\u00fbt une \u00e9pouse. Nous pensons qu\u2019il resta c\u00e9libataire. Un inventaire de l\u2019artillerie de Bourgogne dat\u00e9 de 1442 nous montre que Jacques de &hellip; <a href=\"https:\/\/la-maison-rochefort.fr\/index.php\/2020\/02\/27\/5-jean-de-rochefort\/\">Continuer la lecture <span class=\"meta-nav\">&rarr;<\/span><\/a><\/p>\n","protected":false},"author":1,"featured_media":0,"comment_status":"open","ping_status":"open","sticky":false,"template":"","format":"standard","meta":[],"categories":[6],"tags":[],"_links":{"self":[{"href":"https:\/\/la-maison-rochefort.fr\/index.php\/wp-json\/wp\/v2\/posts\/170"}],"collection":[{"href":"https:\/\/la-maison-rochefort.fr\/index.php\/wp-json\/wp\/v2\/posts"}],"about":[{"href":"https:\/\/la-maison-rochefort.fr\/index.php\/wp-json\/wp\/v2\/types\/post"}],"author":[{"embeddable":true,"href":"https:\/\/la-maison-rochefort.fr\/index.php\/wp-json\/wp\/v2\/users\/1"}],"replies":[{"embeddable":true,"href":"https:\/\/la-maison-rochefort.fr\/index.php\/wp-json\/wp\/v2\/comments?post=170"}],"version-history":[{"count":5,"href":"https:\/\/la-maison-rochefort.fr\/index.php\/wp-json\/wp\/v2\/posts\/170\/revisions"}],"predecessor-version":[{"id":750,"href":"https:\/\/la-maison-rochefort.fr\/index.php\/wp-json\/wp\/v2\/posts\/170\/revisions\/750"}],"wp:attachment":[{"href":"https:\/\/la-maison-rochefort.fr\/index.php\/wp-json\/wp\/v2\/media?parent=170"}],"wp:term":[{"taxonomy":"category","embeddable":true,"href":"https:\/\/la-maison-rochefort.fr\/index.php\/wp-json\/wp\/v2\/categories?post=170"},{"taxonomy":"post_tag","embeddable":true,"href":"https:\/\/la-maison-rochefort.fr\/index.php\/wp-json\/wp\/v2\/tags?post=170"}],"curies":[{"name":"wp","href":"https:\/\/api.w.org\/{rel}","templated":true}]}}