{"id":157,"date":"2020-02-27T17:14:07","date_gmt":"2020-02-27T16:14:07","guid":{"rendered":"http:\/\/la-maison-rochefort.fr\/?p=157"},"modified":"2022-02-03T03:45:08","modified_gmt":"2022-02-03T02:45:08","slug":"3-jean-de-rochefort","status":"publish","type":"post","link":"https:\/\/la-maison-rochefort.fr\/index.php\/2020\/02\/27\/3-jean-de-rochefort\/","title":{"rendered":"3- Jean l de Rochefort."},"content":{"rendered":"\n<div class=\"wp-block-image\"><figure class=\"aligncenter size-large is-resized\"><img loading=\"lazy\" src=\"http:\/\/la-maison-rochefort.fr\/wp-content\/uploads\/2020\/11\/jean-Ixvautravrs.png\" alt=\"\" class=\"wp-image-623\" width=\"235\" height=\"211\" srcset=\"https:\/\/la-maison-rochefort.fr\/wp-content\/uploads\/2020\/11\/jean-Ixvautravrs.png 313w, https:\/\/la-maison-rochefort.fr\/wp-content\/uploads\/2020\/11\/jean-Ixvautravrs-300x269.png 300w\" sizes=\"(max-width: 235px) 100vw, 235px\" \/><figcaption>Arbre g\u00e9n\u00e9alogique de Jean de Rochefort<\/figcaption><\/figure><\/div>\n\n\n\n<p>Jean, premier du nom, se mariera avec Marguerite de Vautravers<sup><a href=\"#footnote_0_157\" id=\"identifier_0_157\" class=\"footnote-link footnote-identifier-link\" title=\"note 47-Soci&eacute;t&eacute; d&rsquo;&eacute;mulation du Jura 2011 de J. Theurot\">1<\/a><\/sup>. Ce personnage est identifi\u00e9 comme fils de Guyot dit Raiselin et de R\u00e9gnarde de Darbonnay par J. Theurot<sup><a href=\"#footnote_1_157\" id=\"identifier_1_157\" class=\"footnote-link footnote-identifier-link\" title=\"Soci&eacute;t&eacute; d&rsquo;&eacute;mulation du Jura 2011\">2<\/a><\/sup>. Mathieu de Vautravers serait le p\u00e8re de Marguerite.<\/p>\n\n\n\n<p>Jean sera impliqu\u00e9 dans des violences envers le pr\u00e9v\u00f4t Pierre Valenchot en 1395<sup><a href=\"#footnote_2_157\" id=\"identifier_2_157\" class=\"footnote-link footnote-identifier-link\" title=\"J. Theurot &ndash; Soci&eacute;t&eacute; d&rsquo;&eacute;mulation du Jura 2011\">3<\/a><\/sup>.<\/p>\n\n\n\n<p>On devine ici que les Rochefort peuvent \u00eatre des gens violents. Cette tendance sera confirm\u00e9e dans les g\u00e9n\u00e9rations futures o\u00f9 plusieurs des membres seront incrimin\u00e9s dans des violences.<\/p>\n\n\n\n<p>Nous avons, grace \u00e0 Monsieur Theurot, identifi\u00e9 4 enfants de Jean et de Marguerite&nbsp;:<\/p>\n\n\n\n<p><strong>&#8211; Jacques de Rochefort<\/strong>, \u00e9cuyer, qui suit.<\/p>\n\n\n\n<p>&#8211;&nbsp;<strong>Guiot,<\/strong>&nbsp;\u00e9cuyer, qui \u00e9pousera Claude de Labergement dont nous ne savons rien. Il semblerait que le Fief de Labergement-les-Auxonne et autres que nous verront plus avant, entre les mains de Jacques de Rochefort, puisse provenir de ce mariage par donation ou succession.<\/p>\n\n\n\n<p>&#8211;&nbsp;<strong>Jean<\/strong>, \u00e9cuyer, qui suivra.<\/p>\n\n\n\n<p><strong>&#8211; Guillemette<\/strong>&nbsp;qui \u00e9pousera Jean GELIN, \u00e9cuyer, dont nous ne savons rien. Les G\u00e9lin \u00e9tait de Poligny (armes avec un chevron&nbsp;?).<\/p>\n\n\n\n<p class=\"has-background\" style=\"background-color:#63d9ee;font-size:23px\">La Maison de Vautravers <\/p>\n\n\n\n<div class=\"wp-block-image\"><figure class=\"alignright size-large\"><img loading=\"lazy\" width=\"228\" height=\"165\" src=\"http:\/\/la-maison-rochefort.fr\/wp-content\/uploads\/2020\/09\/Capture-d\u2019\u00e9cran-2020-09-05-\u00e0-19.35.32-e1599327707124.png\" alt=\"\" class=\"wp-image-508\"\/><figcaption>Chateau de Domblans (actuel)<\/figcaption><\/figure><\/div>\n\n\n\n<figure class=\"wp-block-image size-large is-resized\"><img loading=\"lazy\" src=\"http:\/\/la-maison-rochefort.fr\/wp-content\/uploads\/2020\/09\/chateau-vautravers-\u00e0-Verges.png\" alt=\"\" class=\"wp-image-506\" width=\"209\" height=\"98\" srcset=\"https:\/\/la-maison-rochefort.fr\/wp-content\/uploads\/2020\/09\/chateau-vautravers-\u00e0-Verges.png 418w, https:\/\/la-maison-rochefort.fr\/wp-content\/uploads\/2020\/09\/chateau-vautravers-\u00e0-Verges-300x141.png 300w\" sizes=\"(max-width: 209px) 100vw, 209px\" \/><figcaption>Ch\u00e2teau Vautravers \u00e0 Verges (Jura)<\/figcaption><\/figure>\n\n\n\n<p>La maison de Vautravers est de tr\u00e8s ancienne notori\u00e9t\u00e9. Certains auteurs la font descendre des GRANDSON, les armes des Vautravers \u00e9tant tr\u00e8s similaires. C\u2019est donc en Suisse (Val de Travers, entre Neuchatel et Morteau) que se trouve l\u2019origine de cette famille. Au commencement du 12\u00e8 si\u00e8cle une branche se fixa dans le Comt\u00e9 de Bourgogne. Ainsi en 1193, Guy de Vautravers assistait au trait\u00e9 d\u2019Otton premier avec Etienne de Bourgogne concernant les villages de Choye et Ferrieres (70). En 1476 Jean de Vautravers fils de Claude, seigneur de Domblans, re\u00e7u Charles le T\u00e9m\u00e9raire dont il \u00e9tait le ma\u00eetre d\u2019hotel et l\u2019escorta jusqu\u2019\u00e0 Poligny (39). On a vu pr\u00e9c\u00e9demment que les Vautravers avaient aussi un fief \u00e0 Rochefort. De nombreux \u00e9tablissements religieux ont eu un ou une Vautravers comme abb\u00e9 ou prieur, ainsi Guillaume f\u00fbt abb\u00e9 de l\u2019Abbaye de Mont Sainte Marie (25) entre 1555 et 1584.<\/p>\n\n\n\n<p>La maison de Vautravers a form\u00e9 des alliances dans toutes les familles comtoises nobles.<\/p>\n\n\n\n<p>Armes&nbsp;:&nbsp;<em>D\u2019azur \u00e0 trois pals d\u2019or.<\/em><\/p>\n\n\n\n<div class=\"wp-block-media-text alignwide is-stacked-on-mobile\"><figure class=\"wp-block-media-text__media\"><img loading=\"lazy\" width=\"121\" height=\"130\" src=\"http:\/\/la-maison-rochefort.fr\/wp-content\/uploads\/2020\/02\/ecu-des-vautraversW.jpg\" alt=\"\" class=\"wp-image-49 size-full\"\/><\/figure><div class=\"wp-block-media-text__content\">\n<p style=\"font-size:17px\">\u00c9cu de la maison de Vautravers<\/p>\n<\/div><\/div>\n\n\n\n<p><\/p>\n<ol class=\"footnotes\"><li id=\"footnote_0_157\" class=\"footnote\">note 47-Soci\u00e9t\u00e9 d&rsquo;\u00e9mulation du Jura 2011 de J. Theurot<span class=\"footnote-back-link-wrapper\"> [<a href=\"#identifier_0_157\" class=\"footnote-link footnote-back-link\">&#8617;<\/a>]<\/span><\/li><li id=\"footnote_1_157\" class=\"footnote\">Soci\u00e9t\u00e9 d&rsquo;\u00e9mulation du Jura 2011<span class=\"footnote-back-link-wrapper\"> [<a href=\"#identifier_1_157\" class=\"footnote-link footnote-back-link\">&#8617;<\/a>]<\/span><\/li><li id=\"footnote_2_157\" class=\"footnote\">J. Theurot \u2013 Soci\u00e9t\u00e9 d&rsquo;\u00e9mulation du Jura 2011<span class=\"footnote-back-link-wrapper\"> [<a href=\"#identifier_2_157\" class=\"footnote-link footnote-back-link\">&#8617;<\/a>]<\/span><\/li><\/ol>","protected":false},"excerpt":{"rendered":"<p>Jean, premier du nom, se mariera avec Marguerite de Vautravers1. Ce personnage est identifi\u00e9 comme fils de Guyot dit Raiselin et de R\u00e9gnarde de Darbonnay par J. Theurot2. Mathieu de Vautravers serait le p\u00e8re de Marguerite. Jean sera impliqu\u00e9 dans &hellip; <a href=\"https:\/\/la-maison-rochefort.fr\/index.php\/2020\/02\/27\/3-jean-de-rochefort\/\">Continuer la lecture <span class=\"meta-nav\">&rarr;<\/span><\/a><\/p>\n","protected":false},"author":1,"featured_media":0,"comment_status":"open","ping_status":"open","sticky":false,"template":"","format":"standard","meta":[],"categories":[4],"tags":[],"_links":{"self":[{"href":"https:\/\/la-maison-rochefort.fr\/index.php\/wp-json\/wp\/v2\/posts\/157"}],"collection":[{"href":"https:\/\/la-maison-rochefort.fr\/index.php\/wp-json\/wp\/v2\/posts"}],"about":[{"href":"https:\/\/la-maison-rochefort.fr\/index.php\/wp-json\/wp\/v2\/types\/post"}],"author":[{"embeddable":true,"href":"https:\/\/la-maison-rochefort.fr\/index.php\/wp-json\/wp\/v2\/users\/1"}],"replies":[{"embeddable":true,"href":"https:\/\/la-maison-rochefort.fr\/index.php\/wp-json\/wp\/v2\/comments?post=157"}],"version-history":[{"count":11,"href":"https:\/\/la-maison-rochefort.fr\/index.php\/wp-json\/wp\/v2\/posts\/157\/revisions"}],"predecessor-version":[{"id":789,"href":"https:\/\/la-maison-rochefort.fr\/index.php\/wp-json\/wp\/v2\/posts\/157\/revisions\/789"}],"wp:attachment":[{"href":"https:\/\/la-maison-rochefort.fr\/index.php\/wp-json\/wp\/v2\/media?parent=157"}],"wp:term":[{"taxonomy":"category","embeddable":true,"href":"https:\/\/la-maison-rochefort.fr\/index.php\/wp-json\/wp\/v2\/categories?post=157"},{"taxonomy":"post_tag","embeddable":true,"href":"https:\/\/la-maison-rochefort.fr\/index.php\/wp-json\/wp\/v2\/tags?post=157"}],"curies":[{"name":"wp","href":"https:\/\/api.w.org\/{rel}","templated":true}]}}